{"id":3367,"date":"2025-11-18T21:39:44","date_gmt":"2025-11-18T19:39:44","guid":{"rendered":"https:\/\/www.inge-schlueter.de\/?p=3367"},"modified":"2025-11-18T21:39:45","modified_gmt":"2025-11-18T19:39:45","slug":"engagiert-netzwerkkoordinatorin-des-hospiz-und-palliativnetzwerk-luebeck","status":"publish","type":"post","link":"https:\/\/www.inge-schlueter.de\/?p=3367","title":{"rendered":"&#8222;Engagiert&#8220; &#8211; Netzwerkkoordinatorin des Hospiz- und Palliativnetzwerk L\u00fcbeck"},"content":{"rendered":"<div class=\"wp-block-image\">\n<figure class=\"aligncenter size-large is-resized\"><a href=\"https:\/\/www.inge-schlueter.de\/wp-content\/uploads\/2025\/11\/Bild-fuer-Mediathek-OK.jpg\"><img loading=\"lazy\" decoding=\"async\" width=\"1024\" height=\"765\" src=\"https:\/\/www.inge-schlueter.de\/wp-content\/uploads\/2025\/11\/Bild-fuer-Mediathek-OK-1024x765.jpg\" alt=\"\" class=\"wp-image-3368\" style=\"width:363px;height:auto\" srcset=\"https:\/\/www.inge-schlueter.de\/wp-content\/uploads\/2025\/11\/Bild-fuer-Mediathek-OK-1024x765.jpg 1024w, https:\/\/www.inge-schlueter.de\/wp-content\/uploads\/2025\/11\/Bild-fuer-Mediathek-OK-300x224.jpg 300w, https:\/\/www.inge-schlueter.de\/wp-content\/uploads\/2025\/11\/Bild-fuer-Mediathek-OK-768x574.jpg 768w, https:\/\/www.inge-schlueter.de\/wp-content\/uploads\/2025\/11\/Bild-fuer-Mediathek-OK-1536x1147.jpg 1536w, https:\/\/www.inge-schlueter.de\/wp-content\/uploads\/2025\/11\/Bild-fuer-Mediathek-OK-2048x1530.jpg 2048w\" sizes=\"(max-width: 1024px) 100vw, 1024px\" \/><\/a><\/figure><\/div>\n\n\n<p>Eigentlich f\u00fcr die Oktober-Sendung 2025 vorgesehen, konnte die Ausstrahlung der Engagiert-Sendung mit Frau Julia Bernstorff, der Netzwerkkoordinatorin des Gesundheitsnetzwerks HL und Umgebung und des Hospiz- und Palliativnetzwerk L\u00fcbeck, erst am 13.November erfolgen. Was sich genau hinter dieser langen Netzwerkbetitelung verbirgt, wurde im Gespr\u00e4ch deutlich.<\/p>\n\n\n\n<p>Nachzuh\u00f6ren ist die Sendung &#8211; ausgenommen die Musik &#8211; hier \ud83d\ude42<\/p>\n\n\n\n<figure class=\"wp-block-audio\"><audio controls src=\"https:\/\/www.inge-schlueter.de\/wp-content\/uploads\/2025\/11\/Engagiert_Netzwerkkoordination-HospizPalliativnetzwerk_sendefertig_OHNE-MUSIK.mp3\"><\/audio><\/figure>\n","protected":false},"excerpt":{"rendered":"<p>Eigentlich f\u00fcr die Oktober-Sendung 2025 vorgesehen, konnte die Ausstrahlung der Engagiert-Sendung mit Frau Julia Bernstorff, der Netzwerkkoordinatorin des Gesundheitsnetzwerks HL und Umgebung und des Hospiz- und Palliativnetzwerk L\u00fcbeck, erst am 13.November erfolgen. Was sich genau hinter dieser langen Netzwerkbetitelung verbirgt, wurde im Gespr\u00e4ch deutlich. Nachzuh\u00f6ren ist die Sendung &#8211; ausgenommen die Musik &#8211; hier \ud83d\ude42<\/p>\n","protected":false},"author":2,"featured_media":0,"comment_status":"closed","ping_status":"open","sticky":false,"template":"","format":"standard","meta":{"footnotes":""},"categories":[53],"tags":[436,437,439,438],"_links":{"self":[{"href":"https:\/\/www.inge-schlueter.de\/index.php?rest_route=\/wp\/v2\/posts\/3367"}],"collection":[{"href":"https:\/\/www.inge-schlueter.de\/index.php?rest_route=\/wp\/v2\/posts"}],"about":[{"href":"https:\/\/www.inge-schlueter.de\/index.php?rest_route=\/wp\/v2\/types\/post"}],"author":[{"embeddable":true,"href":"https:\/\/www.inge-schlueter.de\/index.php?rest_route=\/wp\/v2\/users\/2"}],"replies":[{"embeddable":true,"href":"https:\/\/www.inge-schlueter.de\/index.php?rest_route=%2Fwp%2Fv2%2Fcomments&post=3367"}],"version-history":[{"count":1,"href":"https:\/\/www.inge-schlueter.de\/index.php?rest_route=\/wp\/v2\/posts\/3367\/revisions"}],"predecessor-version":[{"id":3370,"href":"https:\/\/www.inge-schlueter.de\/index.php?rest_route=\/wp\/v2\/posts\/3367\/revisions\/3370"}],"wp:attachment":[{"href":"https:\/\/www.inge-schlueter.de\/index.php?rest_route=%2Fwp%2Fv2%2Fmedia&parent=3367"}],"wp:term":[{"taxonomy":"category","embeddable":true,"href":"https:\/\/www.inge-schlueter.de\/index.php?rest_route=%2Fwp%2Fv2%2Fcategories&post=3367"},{"taxonomy":"post_tag","embeddable":true,"href":"https:\/\/www.inge-schlueter.de\/index.php?rest_route=%2Fwp%2Fv2%2Ftags&post=3367"}],"curies":[{"name":"wp","href":"https:\/\/api.w.org\/{rel}","templated":true}]}}